{"id":701,"date":"2026-08-25T12:57:30","date_gmt":"2026-08-25T10:57:30","guid":{"rendered":"https:\/\/metsaammattilaiset.fi\/?p=701"},"modified":"2026-08-25T12:57:34","modified_gmt":"2026-08-25T10:57:34","slug":"keskustellaanko-metsista-vai-riipuksista","status":"publish","type":"post","link":"https:\/\/metsaammattilaiset.fi\/index.php\/2026\/08\/25\/keskustellaanko-metsista-vai-riipuksista\/","title":{"rendered":"Keskustellaanko metsist\u00e4 vai riipuksista?"},"content":{"rendered":"\n<p class=\"wp-block-paragraph\"><em>Blogi 25.8.2026<\/em><\/p>\n\n\n\n<p class=\"wp-block-paragraph\"><strong>Mets\u00e4ammattilaiset ovat kev\u00e4\u00e4st\u00e4 alkaen tuoneet monipuolisesti mets\u00e4aiheita keskusteluihin ja tiedottaneet ahkerasti medialle mets\u00e4ammattilaisten n\u00e4kemyksist\u00e4. Aiheet ovat liittyneet mets\u00e4ammattilaisiin, mets\u00e4ammattilaisten arvoihin, metsien k\u00e4ytt\u00f6\u00f6n, metsien muutoksiin, mets\u00e4ntutkimukseen, mets\u00e4historiaan, mets\u00e4luonnon monimuotoisuuteen, mets\u00e4talouden ilmastovaikutuksiin, mets\u00e4politiikkaan ja muihin mets\u00e4ammattilaisten arkeen liittyviin asioihin. Rakentavaa mets\u00e4keskustelua toivotaan lis\u00e4\u00e4, mutta mets\u00e4ammattilaisia ei haluta sotkemaan mets\u00e4asioissa.<\/strong><\/p>\n\n\n\n<p class=\"wp-block-paragraph\">Mets\u00e4ammattilaisten verkoston tulo osaksi mets\u00e4keskustelua on her\u00e4tt\u00e4nyt keskustelua paljon. Verkostosta keskustellaan mets\u00e4alan sis\u00e4ll\u00e4, toimituksissa, ymp\u00e4rist\u00f6j\u00e4rjest\u00f6iss\u00e4 ja sosiaalisessa mediassa. Viel\u00e4 on ennenaikaista arvioida, miten mets\u00e4ammattilaiset tulevat vakiintumaan mets\u00e4keskusteluiden osapuolena, mutta toiminnan ensimm\u00e4iset kuukaudet ovat osoittaneet verkoston aiheuttavan jonkin verran vaikeuksia hahmottaa verkoston roolia monilla tahoilla. Erityisesti mets\u00e4alalla. <\/p>\n\n\n\n<p class=\"wp-block-paragraph\">Ep\u00e4varmuus n\u00e4kyy keskustelun v\u00e4lttelyn\u00e4 ja pyrkimyksen\u00e4 v\u00e4ittelyihin &#8211; voittamiseen mill\u00e4 tahansa keinolla. Sen sijaan, ett\u00e4 esitetyist\u00e4 asioista ja niihin liittyvist\u00e4 argumenteista keskusteltaisiin ja k\u00e4yt\u00e4isiin dialogia, ohipuhutaan, kiinnitet\u00e4\u00e4n huomiota sivuseikkoihin tai henkil\u00f6ihin. Osa pyrkii mit\u00e4t\u00f6im\u00e4\u00e4n verkostoa verkostokoordinaattoria haukkumalla, osa kirjoittaa asian vierest\u00e4 tehtyj\u00e4 v\u00e4itt\u00e4mi\u00e4 lehtien mielipidepalstoille ja osa tarttuu riipuksiin. Fokus on aiheen v\u00e4lttelyss\u00e4, ei aiheessa. Mets\u00e4ammattilaisten esiin tuomista asioista ei niink\u00e4\u00e4n haluta keskustelua k\u00e4yd\u00e4. Niist\u00e4 kun on totuttu vaikenemaan. <\/p>\n\n\n\n<p class=\"wp-block-paragraph\"><strong>Kritiikki tulkitaan polarisoinniksi<\/strong><\/p>\n\n\n\n<p class=\"wp-block-paragraph\">93% mets\u00e4ammattilaisista kokee mets\u00e4keskustelun ja mets\u00e4uutisoinnin polarisoituneeksi. Loput 7 % lienev\u00e4t niit\u00e4, jotka ovat mets\u00e4ammattilaisia nimellisesti, mutta el\u00e4v\u00e4t mets\u00e4alan mustamaalaamisesta. Mets\u00e4ammattilaisten verkosto esitt\u00e4\u00e4 asioita mets\u00e4ammattilaisten n\u00e4k\u00f6kulmasta. Se ei edusta mets\u00e4organisaatioita, eik\u00e4 my\u00f6sk\u00e4\u00e4n ole sitoutunut mets\u00e4organisaatioviestint\u00e4\u00e4n. V\u00e4it\u00e4n, ett\u00e4 polarisaation suurin mahdollistaja on mets\u00e4organisaatioiden viestint\u00e4linja. Polarisoituneen mets\u00e4keskustelun taustalla on vuosikymmeni\u00e4 vallinnut vaikenemisen kulttuuri, jossa uskotaan aktivistiviestinn\u00e4n laantuvan hiljenem\u00e4ll\u00e4. Mets\u00e4alaa kyll\u00e4 kritisoidaan tunteisiin menev\u00e4ll\u00e4 viestinn\u00e4ll\u00e4, mutta kriittisyys on yksipuolista. Monet ep\u00e4kohdat ovat j\u00e4\u00e4neet huomiotta, koska selk\u00e4ranka j\u00e4i 1990 -luvulle. N\u00e4iden huomioiden julkinen k\u00e4sittely on uutta. Ja siksi pelottavaakin.<\/p>\n\n\n\n<p class=\"wp-block-paragraph\">Kritiikki ja uusi n\u00e4k\u00f6kulma asioihin aiheuttaa ep\u00e4varmuutta, joka usein tulkitaan polarisoinniksi. Kuitenkin ymm\u00e4rryksen kasvamisen edellytys on tietojen ja n\u00e4k\u00f6kulmien n\u00e4kyminen julkisessa keskustelussa. Ilman tietoa ei voi synty\u00e4 ymm\u00e4rryst\u00e4. Ilman ymm\u00e4rryst\u00e4 polarisaatio ei ainakaan v\u00e4hene.<\/p>\n\n\n\n<p class=\"wp-block-paragraph\">Moni mets\u00e4ammattilainenkin pohtii verkostoon liittymist\u00e4 ja Mets\u00e4ammattilaisten verkoston toimintaa. My\u00f6s mets\u00e4ammattilaisilla on ymm\u00e4rrett\u00e4v\u00e4sti tarve pohtia verkostoon liittymist\u00e4 omista l\u00e4ht\u00f6kohdistaan. Mets\u00e4ammattilaisten verkosto on vasta alkumetreill\u00e4 ja sen vuoksi sen toiminnan kehittyminen on kiinni siit\u00e4, miten j\u00e4senet sit\u00e4 haluavat kehitt\u00e4\u00e4 tulevaisuudessa. Ne mets\u00e4ammattilaiset, jotka kokevat mets\u00e4keskustelun polarisoituneeksi, syyttelev\u00e4ksi tai puutteellisiin faktoihin pohjautuvaa, ovat tervetulleita verkoston j\u00e4seneksi muuttamaan mets\u00e4keskustelua, mets\u00e4uutisointia ja koko mets\u00e4alan tulevaisuutta. Edellytyksen\u00e4 on ainoastaan mets\u00e4ammattilaisuus ja halu mets\u00e4ammattilaisten ty\u00f6n, arvojen ja arkity\u00f6n kunnianpalautuksen hyv\u00e4ksi.<\/p>\n\n\n\n<p class=\"wp-block-paragraph\"><strong>Anonymiteetille edellee perusteet<\/strong><\/p>\n\n\n\n<p class=\"wp-block-paragraph\">Mets\u00e4ammattilaisten verkosto on kasvanut odottamattoman hyvin, mik\u00e4 n\u00e4kyy julkisessa keskustelussa &#8211; valitettavasti. Verkoston kokoamisen alussa tehtiin linjaus anonymiteetist\u00e4. Verkoston j\u00e4senet voivat sen turvin tuoda ajatuksiaan julkisuuteen ilman pelkoa maalittamisesta tai muustakaan ep\u00e4asiallisesta vaikuttamisesta. Erityisesti ne somekeskustelijat, jotka ovat erityisen \u00e4rh\u00e4kk\u00e4\u00e4sti hy\u00f6kk\u00e4\u00e4m\u00e4ss\u00e4 ihmisten kimppuun, kritisoivat anomymiteetti\u00e4. Verkoston yhteisess\u00e4 palaverissa tilannetta pohdittiin ja tultiin yksimielisesti siihen tulokseen, ettei viel\u00e4 ole mit\u00e4\u00e4n syyt\u00e4 purkaa anonymiteetti\u00e4, vaikka useimmat haluaisivat esiinty\u00e4 nimill\u00e4\u00e4n ja kasvoillaan. Mets\u00e4keskustelun tasoa tulee saada parannettua. <\/p>\n\n\n\n<p class=\"wp-block-paragraph\">Vaikka Mets\u00e4ammattilaisia kovasti pel\u00e4t\u00e4\u00e4n ja sit\u00e4 yritet\u00e4\u00e4n kaikin tavoin v\u00e4heksy\u00e4, verkosto on tehnyt jo vaikutuksen. Kannustan kaikkia mets\u00e4ammattilaisia katsomaan ohi verkostoa mustamaalaavien kommenteista ja tutustumaan niihin kannanottoihin, mit\u00e4 verkosto on tehnyt. \u00c4lk\u00e4\u00e4 antako muiden m\u00e4\u00e4ritell\u00e4 verkostoa, kuten <a href=\"https:\/\/metsaammattilaiset.fi\/index.php\/2026\/06\/09\/kuka-metsaalaa-maarittaa\/\">mets\u00e4ammattilaisia niin herk\u00e4sti muut m\u00e4\u00e4rittelev\u00e4t<\/a>.<\/p>\n\n\n\n<p class=\"wp-block-paragraph\"><strong>Juri Laurila<\/strong><\/p>\n\n\n\n<p class=\"wp-block-paragraph\">verkostokoordinaattori<\/p>\n","protected":false},"excerpt":{"rendered":"<p>Blogi 25.8.2026 Mets\u00e4ammattilaiset ovat kev\u00e4\u00e4st\u00e4 alkaen tuoneet monipuolisesti mets\u00e4aiheita keskusteluihin ja tiedottaneet ahkerasti medialle mets\u00e4ammattilaisten n\u00e4kemyksist\u00e4. Aiheet ovat liittyneet mets\u00e4ammattilaisiin, [&hellip;]<\/p>\n","protected":false},"author":2,"featured_media":702,"comment_status":"open","ping_status":"open","sticky":false,"template":"","format":"standard","meta":{"_bbp_topic_count":0,"_bbp_reply_count":0,"_bbp_total_topic_count":0,"_bbp_total_reply_count":0,"_bbp_voice_count":0,"_bbp_anonymous_reply_count":0,"_bbp_topic_count_hidden":0,"_bbp_reply_count_hidden":0,"_bbp_forum_subforum_count":0,"site-sidebar-layout":"default","site-content-layout":"","ast-site-content-layout":"default","site-content-style":"default","site-sidebar-style":"default","ast-global-header-display":"","ast-banner-title-visibility":"","ast-main-header-display":"","ast-hfb-above-header-display":"","ast-hfb-below-header-display":"","ast-hfb-mobile-header-display":"","site-post-title":"","ast-breadcrumbs-content":"","ast-featured-img":"","footer-sml-layout":"","ast-disable-related-posts":"","theme-transparent-header-meta":"","adv-header-id-meta":"","stick-header-meta":"","header-above-stick-meta":"","header-main-stick-meta":"","header-below-stick-meta":"","astra-migrate-meta-layouts":"default","ast-page-background-enabled":"default","ast-page-background-meta":{"desktop":{"background-color":"var(--ast-global-color-5)","background-image":"","background-repeat":"repeat","background-position":"center center","background-size":"auto","background-attachment":"scroll","background-type":"","background-media":"","overlay-type":"","overlay-color":"","overlay-opacity":"","overlay-gradient":""},"tablet":{"background-color":"","background-image":"","background-repeat":"repeat","background-position":"center center","background-size":"auto","background-attachment":"scroll","background-type":"","background-media":"","overlay-type":"","overlay-color":"","overlay-opacity":"","overlay-gradient":""},"mobile":{"background-color":"","background-image":"","background-repeat":"repeat","background-position":"center center","background-size":"auto","background-attachment":"scroll","background-type":"","background-media":"","overlay-type":"","overlay-color":"","overlay-opacity":"","overlay-gradient":""}},"ast-content-background-meta":{"desktop":{"background-color":"var(--ast-global-color-4)","background-image":"","background-repeat":"repeat","background-position":"center center","background-size":"auto","background-attachment":"scroll","background-type":"","background-media":"","overlay-type":"","overlay-color":"","overlay-opacity":"","overlay-gradient":""},"tablet":{"background-color":"var(--ast-global-color-4)","background-image":"","background-repeat":"repeat","background-position":"center center","background-size":"auto","background-attachment":"scroll","background-type":"","background-media":"","overlay-type":"","overlay-color":"","overlay-opacity":"","overlay-gradient":""},"mobile":{"background-color":"var(--ast-global-color-4)","background-image":"","background-repeat":"repeat","background-position":"center center","background-size":"auto","background-attachment":"scroll","background-type":"","background-media":"","overlay-type":"","overlay-color":"","overlay-opacity":"","overlay-gradient":""}},"footnotes":""},"categories":[18,11,7,47,8],"tags":[34,15,12,13],"class_list":["post-701","post","type-post","status-publish","format-standard","has-post-thumbnail","hentry","category-kannanotot","category-metsa","category-ihmsiet","category-metsakeskustelu","category-toiminta","tag-faktat","tag-media","tag-metsa","tag-metsaammattilaiset"],"_links":{"self":[{"href":"https:\/\/metsaammattilaiset.fi\/index.php\/wp-json\/wp\/v2\/posts\/701","targetHints":{"allow":["GET"]}}],"collection":[{"href":"https:\/\/metsaammattilaiset.fi\/index.php\/wp-json\/wp\/v2\/posts"}],"about":[{"href":"https:\/\/metsaammattilaiset.fi\/index.php\/wp-json\/wp\/v2\/types\/post"}],"author":[{"embeddable":true,"href":"https:\/\/metsaammattilaiset.fi\/index.php\/wp-json\/wp\/v2\/users\/2"}],"replies":[{"embeddable":true,"href":"https:\/\/metsaammattilaiset.fi\/index.php\/wp-json\/wp\/v2\/comments?post=701"}],"version-history":[{"count":1,"href":"https:\/\/metsaammattilaiset.fi\/index.php\/wp-json\/wp\/v2\/posts\/701\/revisions"}],"predecessor-version":[{"id":703,"href":"https:\/\/metsaammattilaiset.fi\/index.php\/wp-json\/wp\/v2\/posts\/701\/revisions\/703"}],"wp:featuredmedia":[{"embeddable":true,"href":"https:\/\/metsaammattilaiset.fi\/index.php\/wp-json\/wp\/v2\/media\/702"}],"wp:attachment":[{"href":"https:\/\/metsaammattilaiset.fi\/index.php\/wp-json\/wp\/v2\/media?parent=701"}],"wp:term":[{"taxonomy":"category","embeddable":true,"href":"https:\/\/metsaammattilaiset.fi\/index.php\/wp-json\/wp\/v2\/categories?post=701"},{"taxonomy":"post_tag","embeddable":true,"href":"https:\/\/metsaammattilaiset.fi\/index.php\/wp-json\/wp\/v2\/tags?post=701"}],"curies":[{"name":"wp","href":"https:\/\/api.w.org\/{rel}","templated":true}]}}