{"id":698,"date":"2026-08-21T08:33:40","date_gmt":"2026-08-21T06:33:40","guid":{"rendered":"https:\/\/metsaammattilaiset.fi\/?p=698"},"modified":"2026-08-21T08:33:49","modified_gmt":"2026-08-21T06:33:49","slug":"suomen-leijonat-aarioikeiston-aanitorvi","status":"publish","type":"post","link":"https:\/\/metsaammattilaiset.fi\/index.php\/2026\/08\/21\/suomen-leijonat-aarioikeiston-aanitorvi\/","title":{"rendered":"Suomen Leijonat \u00e4\u00e4rioikeiston \u00e4\u00e4nitorvi??"},"content":{"rendered":"\n<p class=\"wp-block-paragraph\"><em>Vastine 21.8.2026<\/em><\/p>\n\n\n\n<p class=\"wp-block-paragraph\"><strong><em>Mets\u00e4lehti julkaisi Mikko Riikil\u00e4n <a href=\"https:\/\/www.metsalehti.fi\/kolumnit\/riikila-metsaammattilaisia-faktoja-ja-leijonariipuksia\/\">kolumnin<\/a>, jossa minut, Mets\u00e4ammattilaisten verkoston koordinaattori Juri Laurila, leimattiin vahvasti \u00e4\u00e4rioikeistolaiseksi. Todisteeksi kelpasi kaulassani oleva Suomen leijona.<\/em><\/strong><\/p>\n\n\n\n<p class=\"wp-block-paragraph\"><em>Riikil\u00e4 kiinnitti huomiota Ivan Puopolon tekem\u00e4ss\u00e4 <a href=\"https:\/\/www.youtube.com\/watch?v=DGiqGQOCfQ4&amp;t=10s\">haastattelussa<\/a> n\u00e4kyv\u00e4\u00e4n leijonariipukseeni ja kirjoitti sen olleen \u201dhuolellisesti aseteltu n\u00e4kyviin\u201d. Haastattelun sis\u00e4lt\u00f6\u00e4 h\u00e4n ei ollut edes kuunnellut. Sanoilla ei siis ollut merkityst\u00e4. Leijona riitti.<\/em><\/p>\n\n\n\n<p class=\"wp-block-paragraph\"><em>Olen kantanut kyseist\u00e4 riipusta vuodesta 1995. Silloin Suomi voitti ensimm\u00e4isen j\u00e4\u00e4kiekon maailmanmestaruutensa. Muistan edelleen Leijonien historiallisen voiton ja sen synnytt\u00e4m\u00e4n kansallisen riemun. J\u00e4\u00e4kiekko on ollut osa el\u00e4m\u00e4\u00e4ni lapsesta l\u00e4htien. Leijonariipukseni kertoo ennen kaikkea siit\u00e4: suomalaisuudesta, j\u00e4\u00e4kiekosta ja ylpeydest\u00e4 maajoukkuettamme kohtaan.<\/em><\/p>\n\n\n\n<h2 class=\"wp-block-heading\"><\/h2>\n\n\n\n<figure class=\"wp-block-embed is-type-video is-provider-youtube wp-block-embed-youtube wp-embed-aspect-9-16 wp-has-aspect-ratio\"><div class=\"wp-block-embed__wrapper\">\n<iframe loading=\"lazy\" title=\"Leijonat \u00e4\u00e4rioikeistoa?\" width=\"422\" height=\"750\" src=\"https:\/\/www.youtube.com\/embed\/MZmbjqpnVCY?feature=oembed\" frameborder=\"0\" allow=\"accelerometer; autoplay; clipboard-write; encrypted-media; gyroscope; picture-in-picture; web-share\" referrerpolicy=\"strict-origin-when-cross-origin\" allowfullscreen><\/iframe>\n<\/div><\/figure>\n\n\n\n<p class=\"wp-block-paragraph\"><em>Kun Suomen j\u00e4\u00e4kiekkomaajoukkue luistelee j\u00e4\u00e4lle leijona rinnassaan, n\u00e4emmek\u00f6 \u00e4\u00e4rioikeistolaisen tunnuksen? Emme. N\u00e4emme Suomen Leijonat. Leijona kuuluu yht\u00e4 lailla Saku Koivulle, Jukka Jaloselle, vuoden 1995 maailmanmestareille, t\u00e4m\u00e4n p\u00e4iv\u00e4n maajoukkueelle ja miljoonille suomalaisille, jotka pukeutuvat Leijona-paitaan kannustaessaan Suomea.<\/em><\/p>\n\n\n\n<p class=\"wp-block-paragraph\"><em>Juuri siksi keskustelu on vakavampi kuin minun kaulakoruni. Jos alamme tulkita kansallistunnuksiamme \u00e4\u00e4riliikkeiden merkeiksi vain siksi, ett\u00e4 my\u00f6s \u00e4\u00e4riliikkeet k\u00e4ytt\u00e4v\u00e4t niit\u00e4, luovutamme symbolimme niille vapaaehtoisesti. Se olisi suuri virhe.<\/em><\/p>\n\n\n\n<p class=\"wp-block-paragraph\"><em>Suomen leijona ei kuulu \u00e4\u00e4rioikeistolle. Suomen lippu ei kuulu \u00e4\u00e4rioikeistolle. Ne eiv\u00e4t kuulu millek\u00e4\u00e4n puolueelle tai poliittiselle liikkeelle. <strong>Ne kuuluvat suomalaisille.<\/strong><\/em><\/p>\n\n\n\n<p class=\"wp-block-paragraph\"><strong><em>En ole koskaan kannattanut \u00e4\u00e4rioikeistoa enk\u00e4 \u00e4\u00e4rivasemmistoa.<\/em><\/strong> <em>Tulen silti kantamaan Leijona-riipustani, pukeutumaan Leijona-paitaan ja nostamaan Suomen lipun salkoon.<\/em><\/p>\n\n\n\n<p class=\"wp-block-paragraph\"><strong><em>Mets\u00e4ammattilaisen \u00e4\u00e4ni ei ole \u00e4\u00e4riajattelua<\/em><\/strong><\/p>\n\n\n\n<p class=\"wp-block-paragraph\"><em>Kolumnissa on my\u00f6s toinen ongelma. Mets\u00e4ammattilaisten verkoston toimintaa pyrit\u00e4\u00e4n selitt\u00e4m\u00e4\u00e4n poliittisella leimalla sen sijaan, ett\u00e4 keskusteltaisiin siit\u00e4, mit\u00e4 sanomme.<\/em><\/p>\n\n\n\n<p class=\"wp-block-paragraph\"><em>Perustin verkoston omasta aloitteestani. Hain ja sain itse sen k\u00e4ynnist\u00e4miseen rahoitusta. Verkoston tarkoituksena on tuoda mets\u00e4ammattilaisten kokemukset ja asiantuntemus nykyist\u00e4 vahvemmin julkiseen mets\u00e4keskusteluun. Ensimm\u00e4isen vuoden tavoitteena oli 50 j\u00e4sent\u00e4. Muutamassa kuukaudessa mukaan on liittynyt jo yli 80 mets\u00e4ammattilaista.<\/em><\/p>\n\n\n\n<p class=\"wp-block-paragraph\"><em>Mets\u00e4keskustelussa pit\u00e4\u00e4 voida olla eri mielt\u00e4. Mets\u00e4taloutta saa arvostella ja mets\u00e4ammattilaisten pit\u00e4\u00e4 kest\u00e4\u00e4 kritiikki\u00e4. Mutta yht\u00e4 lailla mets\u00e4ammattilaisilla pit\u00e4\u00e4 olla oikeus puolustaa ty\u00f6t\u00e4\u00e4n ilman poliittista leimaamista. Sen puolesta taistelen leijonan lailla!<\/em><\/p>\n\n\n\n<p class=\"wp-block-paragraph\"><em>Sama periaate koskee kansallistunnuksiamme.<\/em><\/p>\n\n\n\n<p class=\"wp-block-paragraph\"><em>Kun seuraavan kerran Leijonat taistelevat maailmanmestaruudesta, suomalaiset pukeutuvat j\u00e4lleen sinivalkoiseen. Leijonavaakunoita n\u00e4kyy paidoissa, kaulahuiveissa ja katsomoissa. Suomen liput nousevat salkoihin.<\/em><\/p>\n\n\n\n<p class=\"wp-block-paragraph\"><em>Silloin leijona ei kysy, mit\u00e4 puoluetta kannatat.<\/em><\/p>\n\n\n\n<p class=\"wp-block-paragraph\"><strong><em>Se on meid\u00e4n kaikkien Leijona.<\/em><\/strong><\/p>\n\n\n\n<p class=\"wp-block-paragraph\"><em>Min\u00e4 kannan riipusta jatkossakin ylpeydell\u00e4.<\/em><\/p>\n\n\n\n<p class=\"wp-block-paragraph\"><strong><em>Juri Laurila<\/em><\/strong><em><br>Verkostokoordinaattori<br>Mets\u00e4ammattilaisten verkosto<\/em><\/p>\n","protected":false},"excerpt":{"rendered":"<p>Vastine 21.8.2026 Mets\u00e4lehti julkaisi Mikko Riikil\u00e4n kolumnin, jossa minut, Mets\u00e4ammattilaisten verkoston koordinaattori Juri Laurila, leimattiin vahvasti \u00e4\u00e4rioikeistolaiseksi. Todisteeksi kelpasi kaulassani [&hellip;]<\/p>\n","protected":false},"author":2,"featured_media":699,"comment_status":"open","ping_status":"open","sticky":false,"template":"","format":"standard","meta":{"_bbp_topic_count":0,"_bbp_reply_count":0,"_bbp_total_topic_count":0,"_bbp_total_reply_count":0,"_bbp_voice_count":0,"_bbp_anonymous_reply_count":0,"_bbp_topic_count_hidden":0,"_bbp_reply_count_hidden":0,"_bbp_forum_subforum_count":0,"site-sidebar-layout":"default","site-content-layout":"","ast-site-content-layout":"default","site-content-style":"default","site-sidebar-style":"default","ast-global-header-display":"","ast-banner-title-visibility":"","ast-main-header-display":"","ast-hfb-above-header-display":"","ast-hfb-below-header-display":"","ast-hfb-mobile-header-display":"","site-post-title":"","ast-breadcrumbs-content":"","ast-featured-img":"","footer-sml-layout":"","ast-disable-related-posts":"","theme-transparent-header-meta":"","adv-header-id-meta":"","stick-header-meta":"","header-above-stick-meta":"","header-main-stick-meta":"","header-below-stick-meta":"","astra-migrate-meta-layouts":"default","ast-page-background-enabled":"default","ast-page-background-meta":{"desktop":{"background-color":"var(--ast-global-color-5)","background-image":"","background-repeat":"repeat","background-position":"center center","background-size":"auto","background-attachment":"scroll","background-type":"","background-media":"","overlay-type":"","overlay-color":"","overlay-opacity":"","overlay-gradient":""},"tablet":{"background-color":"","background-image":"","background-repeat":"repeat","background-position":"center center","background-size":"auto","background-attachment":"scroll","background-type":"","background-media":"","overlay-type":"","overlay-color":"","overlay-opacity":"","overlay-gradient":""},"mobile":{"background-color":"","background-image":"","background-repeat":"repeat","background-position":"center center","background-size":"auto","background-attachment":"scroll","background-type":"","background-media":"","overlay-type":"","overlay-color":"","overlay-opacity":"","overlay-gradient":""}},"ast-content-background-meta":{"desktop":{"background-color":"var(--ast-global-color-4)","background-image":"","background-repeat":"repeat","background-position":"center center","background-size":"auto","background-attachment":"scroll","background-type":"","background-media":"","overlay-type":"","overlay-color":"","overlay-opacity":"","overlay-gradient":""},"tablet":{"background-color":"var(--ast-global-color-4)","background-image":"","background-repeat":"repeat","background-position":"center center","background-size":"auto","background-attachment":"scroll","background-type":"","background-media":"","overlay-type":"","overlay-color":"","overlay-opacity":"","overlay-gradient":""},"mobile":{"background-color":"var(--ast-global-color-4)","background-image":"","background-repeat":"repeat","background-position":"center center","background-size":"auto","background-attachment":"scroll","background-type":"","background-media":"","overlay-type":"","overlay-color":"","overlay-opacity":"","overlay-gradient":""}},"footnotes":""},"categories":[18,47,96,19],"tags":[35,15,39,114,115],"class_list":["post-698","post","type-post","status-publish","format-standard","has-post-thumbnail","hentry","category-kannanotot","category-metsakeskustelu","category-politiikka","category-uutiset","tag-hakkuut","tag-media","tag-metsakeskustelu","tag-metsalehti","tag-mikko-riikila"],"_links":{"self":[{"href":"https:\/\/metsaammattilaiset.fi\/index.php\/wp-json\/wp\/v2\/posts\/698","targetHints":{"allow":["GET"]}}],"collection":[{"href":"https:\/\/metsaammattilaiset.fi\/index.php\/wp-json\/wp\/v2\/posts"}],"about":[{"href":"https:\/\/metsaammattilaiset.fi\/index.php\/wp-json\/wp\/v2\/types\/post"}],"author":[{"embeddable":true,"href":"https:\/\/metsaammattilaiset.fi\/index.php\/wp-json\/wp\/v2\/users\/2"}],"replies":[{"embeddable":true,"href":"https:\/\/metsaammattilaiset.fi\/index.php\/wp-json\/wp\/v2\/comments?post=698"}],"version-history":[{"count":1,"href":"https:\/\/metsaammattilaiset.fi\/index.php\/wp-json\/wp\/v2\/posts\/698\/revisions"}],"predecessor-version":[{"id":700,"href":"https:\/\/metsaammattilaiset.fi\/index.php\/wp-json\/wp\/v2\/posts\/698\/revisions\/700"}],"wp:featuredmedia":[{"embeddable":true,"href":"https:\/\/metsaammattilaiset.fi\/index.php\/wp-json\/wp\/v2\/media\/699"}],"wp:attachment":[{"href":"https:\/\/metsaammattilaiset.fi\/index.php\/wp-json\/wp\/v2\/media?parent=698"}],"wp:term":[{"taxonomy":"category","embeddable":true,"href":"https:\/\/metsaammattilaiset.fi\/index.php\/wp-json\/wp\/v2\/categories?post=698"},{"taxonomy":"post_tag","embeddable":true,"href":"https:\/\/metsaammattilaiset.fi\/index.php\/wp-json\/wp\/v2\/tags?post=698"}],"curies":[{"name":"wp","href":"https:\/\/api.w.org\/{rel}","templated":true}]}}