{"id":692,"date":"2026-08-20T09:37:23","date_gmt":"2026-08-20T07:37:23","guid":{"rendered":"https:\/\/metsaammattilaiset.fi\/?p=692"},"modified":"2026-08-20T09:37:26","modified_gmt":"2026-08-20T07:37:26","slug":"talousmetsan-luonnonhoito-onnistui-estetaan-hakkuut","status":"publish","type":"post","link":"https:\/\/metsaammattilaiset.fi\/index.php\/2026\/08\/20\/talousmetsan-luonnonhoito-onnistui-estetaan-hakkuut\/","title":{"rendered":"Talousmets\u00e4n luonnonhoito onnistui &#8211; estet\u00e4\u00e4n hakkuut!"},"content":{"rendered":"\n<p class=\"wp-block-paragraph\">Mets\u00e4ss\u00e4 ty\u00f6skentelev\u00e4lle sana <em>mets\u00e4vahti<\/em> kuulostaa ensi kuulemalta varsin turvalliselta. Tulee mieleen henkil\u00f6, joka tarkkailee mets\u00e4paloja, ehk\u00e4 etsii kirjanpainajatuhoja tai varmistaa, ettei mets\u00e4\u00e4n j\u00e4tet\u00e4 roskia.<\/p>\n\n\n\n<p class=\"wp-block-paragraph\">Mets\u00e4liikkeen mets\u00e4vahti tekee jotakin muuta.<\/p>\n\n\n\n<p class=\"wp-block-paragraph\">Mets\u00e4vahdit seuraavat mets\u00e4nk\u00e4ytt\u00f6ilmoituksia ja satelliittikuvia, k\u00e4yv\u00e4t hakkuuilmoituksen saaneilla kohteilla etsim\u00e4ss\u00e4 merkkej\u00e4 hakkuiden alkamisesta ja tarkkailevat esimerkiksi paikalle tuotuja mets\u00e4koneita. Mets\u00e4liikkeen verkkosivujen otsikko tiivist\u00e4\u00e4 tavoitteen poikkeuksellisen selv\u00e4sti: &#8220;estet\u00e4\u00e4n yhdess\u00e4 luonnonmetsien hakkuut!&#8221; Mets\u00e4liike kertoo my\u00f6s, ett\u00e4 toiminnan tarkoituksena on synnytt\u00e4\u00e4 mets\u00e4teollisuudelle <em>pelotevaikutus<\/em>. No, kaikki mets\u00e4t ovat luonnon metsi\u00e4 ja Mets\u00e4teollisuus on ollut kontallaan jo vuosikymmenet. Eli tavoitteeksi\u00e4\u00e4 j\u00e4\u00e4 <strong>&#8220;estet\u00e4\u00e4n hakkuut&#8221;<\/strong>.<\/p>\n\n\n\n<p class=\"wp-block-paragraph\">Toimintaan ei my\u00f6sk\u00e4\u00e4n tarvitse ryhty\u00e4 kylmilt\u00e4\u00e4n. Tarjolla on mets\u00e4vahtikoulutus.<\/p>\n\n\n\n<h2 class=\"wp-block-heading\">Koneen S\u00e4\u00e4ti\u00f6n rahalla koulutettuja mets\u00e4vahteja<\/h2>\n\n\n\n<p class=\"wp-block-paragraph\">Mets\u00e4vahtitoiminnan mittakaava on kiinnostava siksi, ettei kyse ole vain muutaman ihmisen spontaanista kansalaisaktiivisuudesta.<\/p>\n\n\n\n<p class=\"wp-block-paragraph\">Koneen S\u00e4\u00e4ti\u00f6 my\u00f6nsi vuonna 2023 <strong>209 700 euroa<\/strong> Lusto \u2013 Mets\u00e4liikkeen ensimm\u00e4iset vuosirenkaat -hankkeelle. S\u00e4\u00e4ti\u00f6 itse kutsuu Lustoa Mets\u00e4liikkeen kehitt\u00e4misprojektiksi. Hankkeen loppuraportin mukaan vuosina 2024\u20132026 koulutettiin <strong>yli 130 mets\u00e4vahtia<\/strong>, Mets\u00e4liikkeen aktiiviyhteis\u00f6 kasvoi sadoilla j\u00e4senill\u00e4 ja j\u00e4rjestettiin kymmeni\u00e4 koulutuksia muun muassa mets\u00e4ekologiasta ja ymp\u00e4rist\u00f6aktivismin strategisista kysymyksist\u00e4. Raportissa todetaan suoraan my\u00f6s, ett\u00e4 mets\u00e4vahtitoiminta <em>&#8220;luo pelotteen mets\u00e4teollisuudelle&#8221;<\/em>.<\/p>\n\n\n\n<p class=\"wp-block-paragraph\">T\u00e4m\u00e4 tekee asiasta mets\u00e4koneenkuljettajan n\u00e4k\u00f6kulmasta hieman erikoisen.<\/p>\n\n\n\n<p class=\"wp-block-paragraph\">Toisella puolella on ty\u00f6ntekij\u00e4 tai yritt\u00e4j\u00e4, joka on hankkinut ammattikoulutuksen, investoinut mahdollisesti satojatuhansia euroja koneisiin ja tullut tekem\u00e4\u00e4n ty\u00f6nantajansa tai toimeksiantajansa h\u00e4nelle osoittamaa laillista ty\u00f6t\u00e4.<\/p>\n\n\n\n<p class=\"wp-block-paragraph\">Toisella puolella voi olla s\u00e4\u00e4ti\u00f6rahoituksella kehitetyn aktivistiverkoston kouluttama mets\u00e4vahti, jonka verkoston tavoitteena on est\u00e4\u00e4 hakkuu.<\/p>\n\n\n\n<p class=\"wp-block-paragraph\">Jos toiminta pysyy havainnoinnissa, tiedottamisessa, yhteydenotoissa ja laillisessa mielenosoittamisessa, kyse on normaalista kansalaisvaikuttamisesta. Mets\u00e4vahtitoimintaa mainostetaan kansalaistottelemattomuudella, eli lakien yl\u00e4puolella toimimisella. Sama toistuu my\u00f6s ymp\u00e4rist\u00f6j\u00e4rjest\u00f6jen markkinoinnissa. Sen ei ole siis tarkoituskaan noudattaa yhteiskunnan pelis\u00e4\u00e4nt\u00f6j\u00e4. Eik\u00e4 kantaa vastuuta..<\/p>\n\n\n\n<h2 class=\"wp-block-heading\">Mets\u00e4kone ei k\u00e4y aatteella<\/h2>\n\n\n\n<p class=\"wp-block-paragraph\">Kun hakkuu keskeytet\u00e4\u00e4n, mets\u00e4koneenkuljettaja joutuu tilanteeseen, jota julkisessa keskustelussa tarkastellaan h\u00e4mm\u00e4stytt\u00e4v\u00e4n harvoin h\u00e4nen n\u00e4k\u00f6kulmastaan.<\/p>\n\n\n\n<p class=\"wp-block-paragraph\">Koneen kulut eiv\u00e4t keskeydy.<\/p>\n\n\n\n<p class=\"wp-block-paragraph\">Yritt\u00e4j\u00e4n lainanlyhennykset eiv\u00e4t keskeydy.<\/p>\n\n\n\n<p class=\"wp-block-paragraph\">Vakuutukset eiv\u00e4t keskeydy.<\/p>\n\n\n\n<p class=\"wp-block-paragraph\">Palkat eiv\u00e4t keskeydy.<\/p>\n\n\n\n<p class=\"wp-block-paragraph\">Seuraava ty\u00f6maa ei siirry itsest\u00e4\u00e4n.<\/p>\n\n\n\n<p class=\"wp-block-paragraph\">Mets\u00e4koneurakoitsijalle koneen seisominen ei ole symbolinen teko. Se on euroja.<\/p>\n\n\n\n<p class=\"wp-block-paragraph\">Aktivistille ty\u00f6maan pys\u00e4ytt\u00e4minen voi olla onnistunut p\u00e4iv\u00e4. Urakoitsijalle sama p\u00e4iv\u00e4 voi tarkoittaa menetetty\u00e4 liikevaihtoa. Mets\u00e4nomistajalle se voi tarkoittaa ep\u00e4varmuutta siit\u00e4, saako h\u00e4n k\u00e4ytt\u00e4\u00e4 omaisuuttaan sovitulla tavalla.<\/p>\n\n\n\n<p class=\"wp-block-paragraph\">Siin\u00e4 on suomalaisen mets\u00e4keskustelun merkillinen ep\u00e4symmetria: mets\u00e4nomistajan ja mets\u00e4ammattilaisen odotetaan kantavan vastuu tekemisist\u00e4\u00e4n sentilleen ja hehtaarilleen, mutta ty\u00f6n est\u00e4misen kustannuksista puhuttaessa vastuunkantaja muuttuu helposti abstraktiksi k\u00e4sitteeksi nimelt\u00e4 <em>kansalaisyhteiskunta<\/em>.<\/p>\n\n\n\n<h2 class=\"wp-block-heading\">Laji l\u00f6ytyi \u2013 siis pys\u00e4ytt\u00e4k\u00e4\u00e4 kone?<\/h2>\n\n\n\n<p class=\"wp-block-paragraph\">Mets\u00e4liikkeen vahtikohteiden esittelyiss\u00e4 lajisto on n\u00e4kyv\u00e4ss\u00e4 roolissa. Kohteista luetellaan uhanalaisia, silm\u00e4ll\u00e4pidett\u00e4vi\u00e4 ja indikaattorilajeja sek\u00e4 havaintom\u00e4\u00e4ri\u00e4.<\/p>\n\n\n\n<p class=\"wp-block-paragraph\">Lajihavainto on t\u00e4rke\u00e4\u00e4 luontotietoa. Mutta viestinn\u00e4ss\u00e4 sill\u00e4 voidaan rakentaa my\u00f6s mielikuva, joka on biologista havaintoa suurempi.<\/p>\n\n\n\n<p class=\"wp-block-paragraph\">Kartalle ilmestyv\u00e4 punainen piste ei viel\u00e4 kerro lukijalle, kuinka yleinen laji on Suomessa, kuinka suuri sen kanta on, kuinka vanha havainto on, mill\u00e4 tarkkuudella se on paikannettu, merkitseek\u00f6 havainto oikeudellista k\u00e4sittelyrajoitetta tai vaarantaako juuri suunniteltu toimenpide lajin esiintymisen.<\/p>\n\n\n\n<p class=\"wp-block-paragraph\">Punainen piste n\u00e4ytt\u00e4\u00e4 kuitenkin erinomaisen vakuuttavalta.<\/p>\n\n\n\n<p class=\"wp-block-paragraph\">Ja mit\u00e4 enemm\u00e4n pisteit\u00e4, sit\u00e4 vakuuttavampi kartta.<\/p>\n\n\n\n<p class=\"wp-block-paragraph\">&#8220;Tuhottu Lapinleinikki Lapissa&#8221; tai &#8220;H\u00e4vitetty viitasammakon elinpiiri&#8221; saa ihmisen kokemaan, ett\u00e4 nyt on tapahtunut jotain kamalaa. Usein j\u00e4\u00e4 mainitsematta, ett\u00e4 Lapinleinikki on Lapissa yleinen laji ja viitasammakko Suomessa elinvoimainen. <\/p>\n\n\n\n<p class=\"wp-block-paragraph\">Lajien todellisen tilan kertominen ei kuulu mets\u00e4liikkeen, eik\u00e4 mets\u00e4vahtien, tavoitteisiin.<\/p>\n\n\n\n<h2 class=\"wp-block-heading\">Mets\u00e4liikkeen lajipolku kertoo talousmetsien monimuotoisuudesta<\/h2>\n\n\n\n<figure class=\"wp-block-image size-large\"><img loading=\"lazy\" decoding=\"async\" width=\"1024\" height=\"998\" src=\"https:\/\/metsaammattilaiset.fi\/wp-content\/uploads\/2026\/08\/kuva-1024x998.png\" alt=\"\" class=\"wp-image-693\" srcset=\"https:\/\/metsaammattilaiset.fi\/wp-content\/uploads\/2026\/08\/kuva-1024x998.png 1024w, https:\/\/metsaammattilaiset.fi\/wp-content\/uploads\/2026\/08\/kuva-300x292.png 300w, https:\/\/metsaammattilaiset.fi\/wp-content\/uploads\/2026\/08\/kuva-768x749.png 768w, https:\/\/metsaammattilaiset.fi\/wp-content\/uploads\/2026\/08\/kuva.png 1306w\" sizes=\"auto, (max-width: 1024px) 100vw, 1024px\" \/><figcaption class=\"wp-element-caption\"><em>Talousmetsien luonnonhoito on ollut tutkitusti tuloksellista. (L\u00e4hde: Laji.fi)<\/em><\/figcaption><\/figure>\n\n\n\n<p class=\"wp-block-paragraph\">T\u00e4st\u00e4 p\u00e4\u00e4st\u00e4\u00e4n mets\u00e4aktivismin ehk\u00e4 hauskimpaan paradoksiin.<\/p>\n\n\n\n<p class=\"wp-block-paragraph\">Kun aktivistit l\u00e4htev\u00e4t etsim\u00e4\u00e4n talousmetsist\u00e4 arvokasta lajistoa ja l\u00f6yt\u00e4v\u00e4t sit\u00e4 paljon, havainto tulkitaan perusteeksi sille, ettei mets\u00e4\u00e4 pit\u00e4isi k\u00e4sitell\u00e4.<\/p>\n\n\n\n<p class=\"wp-block-paragraph\">Mutta karttaa voi lukea my\u00f6s toiseen suuntaan.<\/p>\n\n\n\n<p class=\"wp-block-paragraph\">Jos suuri m\u00e4\u00e4r\u00e4 uhanalaisten, silm\u00e4ll\u00e4pidett\u00e4vien ja muiden huomionarvoisten lajien havaintoja sijaitsee mets\u00e4talousk\u00e4yt\u00f6ss\u00e4 olevissa metsiss\u00e4, kartta osoittaa samalla jotakin olennaista:<\/p>\n\n\n\n<p class=\"wp-block-paragraph\"><strong>lajit el\u00e4v\u00e4t talousmetsiss\u00e4.<\/strong><\/p>\n\n\n\n<p class=\"wp-block-paragraph\">T\u00e4m\u00e4 ei tarkoita, etteiv\u00e4tk\u00f6 monet lajit tarvitsisi suojelualueita tai etteik\u00f6 yksitt\u00e4inen talousmets\u00e4 voisi olla eritt\u00e4in arvokas ja suojelun arvoinen. Se ei my\u00f6sk\u00e4\u00e4n tarkoita, ett\u00e4 havaintopisteiden lukum\u00e4\u00e4r\u00e4\u00e4 voisi sellaisenaan k\u00e4ytt\u00e4\u00e4 talousmetsien ja suojelualueiden monimuotoisuuden vertailuun. Havaintom\u00e4\u00e4r\u00e4\u00e4n vaikuttaa voimakkaasti se, miss\u00e4 ihmiset ovat lajistoa etsineet.<\/p>\n\n\n\n<p class=\"wp-block-paragraph\">Mutta juuri siksi karttojen k\u00e4ytt\u00e4minen yksisuuntaisena viestinn\u00e4llisen\u00e4 todisteena on ongelmallista.<\/p>\n\n\n\n<p class=\"wp-block-paragraph\">Mets\u00e4liikkeen lajipoluista voisi tehd\u00e4 rinnakkaisen n\u00e4yttelyn:<\/p>\n\n\n\n<p class=\"wp-block-paragraph\"><strong>&#8220;Uhanalaiset lajit suomalaisissa talousmetsiss\u00e4.&#8221;<\/strong><\/p>\n\n\n\n<p class=\"wp-block-paragraph\">Kartalla jokainen havainto olisi muistutus siit\u00e4, ettei talousmets\u00e4 ole lajiton puupelto vaan osa suomalaista mets\u00e4ekosysteemi\u00e4.<\/p>\n\n\n\n<h2 class=\"wp-block-heading\">Vastuu on v\u00e4hemm\u00e4n n\u00e4ytt\u00e4v\u00e4 luonnonvara<\/h2>\n\n\n\n<p class=\"wp-block-paragraph\">Mets\u00e4ammattilaisen vastuu on konkreettista.<\/p>\n\n\n\n<p class=\"wp-block-paragraph\">Mets\u00e4nomistaja vastaa p\u00e4\u00e4t\u00f6ksist\u00e4\u00e4n. Mets\u00e4koneenkuljettaja vastaa ty\u00f6n j\u00e4ljest\u00e4. Urakoitsija vastaa yrityksest\u00e4\u00e4n ja ty\u00f6ntekij\u00f6ist\u00e4\u00e4n. Mets\u00e4organisaatio vastaa sopimuksistaan. Virhe voi tarkoittaa korvausvelvollisuutta, menetetty\u00e4 asiakasta tai pahimmillaan koko yritystoiminnan vaarantumista.<\/p>\n\n\n\n<p class=\"wp-block-paragraph\">Siksi olisi kohtuullista soveltaa samaa periaatetta my\u00f6s aktivismiin.<\/p>\n\n\n\n<p class=\"wp-block-paragraph\">Mielenosoittaminen kuuluu demokratiaan. Mets\u00e4talouden arvosteleminen kuuluu demokratiaan. Hakkuiden vastustaminen kuuluu demokratiaan.<\/p>\n\n\n\n<p class=\"wp-block-paragraph\">Mutta jos laillinen toiminta tarkoituksellisesti estet\u00e4\u00e4n ja toiselle syntyy siit\u00e4 todellista taloudellista vahinkoa, ei ole kohtuutonta kysy\u00e4:<\/p>\n\n\n\n<p class=\"wp-block-paragraph\"><strong>kuka maksaa laskun?<\/strong><\/p>\n\n\n\n<p class=\"wp-block-paragraph\">Ei mets\u00e4koneenkuljettaja ole mets\u00e4teollisuuden symboli. H\u00e4n on ihminen ty\u00f6paikallaan.<\/p>\n\n\n\n<p class=\"wp-block-paragraph\">Ei mets\u00e4nomistaja ole abstrakti hakkuutilasto. Kyse on h\u00e4nen omaisuudestaan.<\/p>\n\n\n\n<p class=\"wp-block-paragraph\">Ja ehk\u00e4 olisi terveellist\u00e4, ett\u00e4 my\u00f6s ammattimaisesti organisoitu ja ulkopuolisella rahoituksella vahvistettu aktivismi oppisi saman asian, jonka jokainen mets\u00e4yritt\u00e4j\u00e4 oppii ensimm\u00e4isen\u00e4 toimintavuotenaan:<\/p>\n\n\n\n<p class=\"wp-block-paragraph\"><strong>tekemisell\u00e4 on seurauksia \u2013 ja vastuullisuuteen kuuluu my\u00f6s vastuun kantaminen niist\u00e4.<\/strong><\/p>\n","protected":false},"excerpt":{"rendered":"<p>Mets\u00e4ss\u00e4 ty\u00f6skentelev\u00e4lle sana mets\u00e4vahti kuulostaa ensi kuulemalta varsin turvalliselta. Tulee mieleen henkil\u00f6, joka tarkkailee mets\u00e4paloja, ehk\u00e4 etsii kirjanpainajatuhoja tai varmistaa, [&hellip;]<\/p>\n","protected":false},"author":2,"featured_media":694,"comment_status":"open","ping_status":"open","sticky":false,"template":"","format":"standard","meta":{"_bbp_topic_count":0,"_bbp_reply_count":0,"_bbp_total_topic_count":0,"_bbp_total_reply_count":0,"_bbp_voice_count":0,"_bbp_anonymous_reply_count":0,"_bbp_topic_count_hidden":0,"_bbp_reply_count_hidden":0,"_bbp_forum_subforum_count":0,"site-sidebar-layout":"default","site-content-layout":"","ast-site-content-layout":"default","site-content-style":"default","site-sidebar-style":"default","ast-global-header-display":"","ast-banner-title-visibility":"","ast-main-header-display":"","ast-hfb-above-header-display":"","ast-hfb-below-header-display":"","ast-hfb-mobile-header-display":"","site-post-title":"","ast-breadcrumbs-content":"","ast-featured-img":"","footer-sml-layout":"","ast-disable-related-posts":"","theme-transparent-header-meta":"","adv-header-id-meta":"","stick-header-meta":"","header-above-stick-meta":"","header-main-stick-meta":"","header-below-stick-meta":"","astra-migrate-meta-layouts":"default","ast-page-background-enabled":"default","ast-page-background-meta":{"desktop":{"background-color":"var(--ast-global-color-5)","background-image":"","background-repeat":"repeat","background-position":"center center","background-size":"auto","background-attachment":"scroll","background-type":"","background-media":"","overlay-type":"","overlay-color":"","overlay-opacity":"","overlay-gradient":""},"tablet":{"background-color":"","background-image":"","background-repeat":"repeat","background-position":"center center","background-size":"auto","background-attachment":"scroll","background-type":"","background-media":"","overlay-type":"","overlay-color":"","overlay-opacity":"","overlay-gradient":""},"mobile":{"background-color":"","background-image":"","background-repeat":"repeat","background-position":"center center","background-size":"auto","background-attachment":"scroll","background-type":"","background-media":"","overlay-type":"","overlay-color":"","overlay-opacity":"","overlay-gradient":""}},"ast-content-background-meta":{"desktop":{"background-color":"var(--ast-global-color-4)","background-image":"","background-repeat":"repeat","background-position":"center center","background-size":"auto","background-attachment":"scroll","background-type":"","background-media":"","overlay-type":"","overlay-color":"","overlay-opacity":"","overlay-gradient":""},"tablet":{"background-color":"var(--ast-global-color-4)","background-image":"","background-repeat":"repeat","background-position":"center center","background-size":"auto","background-attachment":"scroll","background-type":"","background-media":"","overlay-type":"","overlay-color":"","overlay-opacity":"","overlay-gradient":""},"mobile":{"background-color":"var(--ast-global-color-4)","background-image":"","background-repeat":"repeat","background-position":"center center","background-size":"auto","background-attachment":"scroll","background-type":"","background-media":"","overlay-type":"","overlay-color":"","overlay-opacity":"","overlay-gradient":""}},"footnotes":""},"categories":[5,10,11,96],"tags":[34,20,12,33,113,53],"class_list":["post-692","post","type-post","status-publish","format-standard","has-post-thumbnail","hentry","category-hakkuut","category-luonto","category-metsa","category-politiikka","tag-faktat","tag-luonto","tag-metsa","tag-metsatalous","tag-metsavahti","tag-monimuotoisuus"],"_links":{"self":[{"href":"https:\/\/metsaammattilaiset.fi\/index.php\/wp-json\/wp\/v2\/posts\/692","targetHints":{"allow":["GET"]}}],"collection":[{"href":"https:\/\/metsaammattilaiset.fi\/index.php\/wp-json\/wp\/v2\/posts"}],"about":[{"href":"https:\/\/metsaammattilaiset.fi\/index.php\/wp-json\/wp\/v2\/types\/post"}],"author":[{"embeddable":true,"href":"https:\/\/metsaammattilaiset.fi\/index.php\/wp-json\/wp\/v2\/users\/2"}],"replies":[{"embeddable":true,"href":"https:\/\/metsaammattilaiset.fi\/index.php\/wp-json\/wp\/v2\/comments?post=692"}],"version-history":[{"count":1,"href":"https:\/\/metsaammattilaiset.fi\/index.php\/wp-json\/wp\/v2\/posts\/692\/revisions"}],"predecessor-version":[{"id":695,"href":"https:\/\/metsaammattilaiset.fi\/index.php\/wp-json\/wp\/v2\/posts\/692\/revisions\/695"}],"wp:featuredmedia":[{"embeddable":true,"href":"https:\/\/metsaammattilaiset.fi\/index.php\/wp-json\/wp\/v2\/media\/694"}],"wp:attachment":[{"href":"https:\/\/metsaammattilaiset.fi\/index.php\/wp-json\/wp\/v2\/media?parent=692"}],"wp:term":[{"taxonomy":"category","embeddable":true,"href":"https:\/\/metsaammattilaiset.fi\/index.php\/wp-json\/wp\/v2\/categories?post=692"},{"taxonomy":"post_tag","embeddable":true,"href":"https:\/\/metsaammattilaiset.fi\/index.php\/wp-json\/wp\/v2\/tags?post=692"}],"curies":[{"name":"wp","href":"https:\/\/api.w.org\/{rel}","templated":true}]}}