{"id":164,"date":"2026-04-08T14:29:53","date_gmt":"2026-04-08T12:29:53","guid":{"rendered":"https:\/\/metsaammattilaiset.fi\/?p=164"},"modified":"2026-04-14T09:56:39","modified_gmt":"2026-04-14T07:56:39","slug":"metsaammattilaisten-verkosto-perustettu-suomeen","status":"publish","type":"post","link":"https:\/\/metsaammattilaiset.fi\/index.php\/2026\/04\/08\/metsaammattilaisten-verkosto-perustettu-suomeen\/","title":{"rendered":"Mets\u00e4ammattilaisten verkosto perustettu Suomeen"},"content":{"rendered":"\n<p><strong>Suomeen on perustettu mets\u00e4organisaatioista riippumaton mets\u00e4ammattilaisten verkosto parantamaan mets\u00e4uutisoinnin laatua. T\u00e4ysin itsen\u00e4isesti toimiva verkosto ottaa kantaa mets\u00e4asioihin ja tarjoaa helpon yhteydenottokanavan mets\u00e4ammattilaisiin toimittajille, p\u00e4\u00e4tt\u00e4jille ja muille, jotka kaipaavat asiantuntemusta Suomen metsien hoidosta. <\/strong><\/p>\n\n\n\n<p>Suomessa mets\u00e4uutisoinnin tila on ollut pitk\u00e4\u00e4n heikkenev\u00e4 journalistisen sis\u00e4ll\u00f6n osalta. Mets\u00e4ammattilaiset ovat tyytym\u00e4tt\u00f6mi\u00e4 mets\u00e4uutisointiin ja mets\u00e4keskusteluun, jossa mets\u00e4ammattilaisten \u00e4\u00e4ni ei kuulu. <\/p>\n\n\n\n<!--more-->\n\n\n\n<p>&#8220;Mets\u00e4miesten S\u00e4\u00e4ti\u00f6n Taloustutkimus Oy:lt\u00e4 tilaaman \u201d<strong><a href=\"https:\/\/www.mmsaatio.fi\/ajankohtaista\/taloustutkimus-oy-metsaammattilaisten-tyytymattomyys-metsauutisointiin-ja-metsakeskusteluun-kasvanut-merkittavasti.html\">Suuri mets\u00e4ammattilaistutkimus &#8211; mets\u00e4t ja media<\/a><\/strong>\u201d -tutkimuksen mukaan mets\u00e4ammattilaisista 93 % katsoo, ett\u00e4 Suomessa k\u00e4yt\u00e4v\u00e4 mets\u00e4uutisointi ja -keskustelu on vahvasti polarisoitunut. Merkitt\u00e4vimmiksi syiksi t\u00e4h\u00e4n n\u00e4hd\u00e4\u00e4n se, ett\u00e4 sosiaalinen media korostaa \u00e4\u00e4rip\u00e4iden mielipiteit\u00e4, media el\u00e4\u00e4 negatiivisista uutisista ja metsiin liittyy kesken\u00e4\u00e4n ristiriitaisia tavoitteita. Tutkimukseen vastasi 1 536 mets\u00e4ammattilaista elo-syyskuun vaihteessa 2025.&#8221;<\/p>\n\n\n\n<p>Mets\u00e4miesten s\u00e4\u00e4ti\u00f6 on tunnistanut Mets\u00e4ammattilaisten verkoston rahoittamisen arvoiseksi. Lahjoituksilla Mets\u00e4miesten s\u00e4\u00e4ti\u00f6 kasvattaa apurahojen m\u00e4\u00e4r\u00e4\u00e4 mets\u00e4alan hyv\u00e4ksi. Sota-ajan savottaj\u00e4tkien muonahuollosta alkunsa saanut s\u00e4\u00e4ti\u00f6 kunnioittaa historiaansa nimell\u00e4\u00e4n ja tasa-arvoisella toiminnalla. Lis\u00e4tietoja <a href=\"http:\/\/www.mmsaatio.fi\">www.mmsaatio.fi<\/a>. <\/p>\n\n\n\n<h2 class=\"wp-block-heading\">Miksi mets\u00e4 ei vastaa, kun sille huudetaan?<\/h2>\n\n\n\n<p>Mets\u00e4sektorille on muodostunut vahva pelon ilmapiiri, jossa mets\u00e4ammattilaiset eiv\u00e4t saa, voi tai halua k\u00e4ytt\u00e4\u00e4 \u00e4\u00e4nt\u00e4ns\u00e4 edes oman ammatti-identiteetin puolustamiseen. Monet kokevat, ett\u00e4 on parasta niin sanotusti valita rajoittaa itse omaa mielipiteen- ja sananvapauttaan, jos ei halua sosiaalisen median sylkykupiksi tai keskelle paskamyrsky\u00e4. Toimittajat ovat eri yhteyksiss\u00e4 tuoneet esille, ett\u00e4 on vaikeaa l\u00f6yt\u00e4\u00e4 mets\u00e4ammattilaisia haastateltaviksi.<\/p>\n\n\n\n<p>Media my\u00f6s rajoittaa itse journalistista tasapuolisuuttaan tehdyill\u00e4 p\u00e4\u00e4t\u00f6ksill\u00e4. Esimerkiksi Helsingin sanomien p\u00e4\u00e4toimittaja kertoi, ett\u00e4 toimituksessa on tehty linjaus kirjoittaa mets\u00e4alaa tuomitsevia juttuja, koska lukijat haluavat niit\u00e4. T\u00e4llainen johtaa siihen, ettei mets\u00e4ammattilaisia edes haluta pilaamaan hyvi\u00e4 juttuja tosiasioilla. <\/p>\n\n\n\n<p>Suotavaa olisi my\u00f6s, ett\u00e4 mets\u00e4alan organisaatiot voisivat suhtautua rohkeammin henkil\u00f6st\u00f6ns\u00e4 viestint\u00e4\u00e4n. Lojaliteettivelvoite on tuttu sana niille mets\u00e4ammattilaisille, jotka ovat yritt\u00e4neet haastaa nykytilaa viestinn\u00e4ss\u00e4\u00e4n. <\/p>\n\n\n\n<h2 class=\"wp-block-heading\">Miten t\u00e4ss\u00e4 n\u00e4in k\u00e4vi?<\/h2>\n\n\n\n<p>Vuosikymmeni\u00e4 jatkunut mets\u00e4ammattilaisten vaientaminen on johtanut tilanteeseen, jossa koko ammattikuntaa kohtaan esitet\u00e4\u00e4n aiheettomia, perusteettomia ja jopa valheellisia syyt\u00f6ksi\u00e4 ilman pelkoa seuraamuksista tai r\u00e4ike\u00e4stik\u00e4\u00e4n virheellisten v\u00e4itteiden korjaamisesta. Mainekriisin pelossa on saatu mainekriisi koko alalle. Suomalaisten tiedon taso metsien k\u00e4yt\u00f6st\u00e4 ja sen syist\u00e4, sek\u00e4 nykymets\u00e4taloudesta on laskenut kuin lehm\u00e4n h\u00e4nt\u00e4. Valtakunnanuutisissa n\u00e4hd\u00e4\u00e4n l\u00e4hinn\u00e4 ymp\u00e4rist\u00f6aktivistien tiedotteita, joihin ei kohdistu journalistisen ohjeen mukaista faktantarkastusta, eik\u00e4 &#8220;syytettyjen penkille&#8221; asetettujen mets\u00e4ammattilaisten puheenvuoroja. Mediassa ymp\u00e4rist\u00f6aktivisteilla on ylivalta.<\/p>\n\n\n\n<p>Perustetun Mets\u00e4ammattilaisten verkoston tarkoitus on lis\u00e4t\u00e4 suomalaisten tietoja nykymets\u00e4taloudesta ja tarjota toimittajille kanavan pyyt\u00e4\u00e4 kommentteja mets\u00e4aiheisiin juttuihin alan asiantuntijoilta. Verkosto mahdollistaa lis\u00e4ksi kannanottojen tekemisen ilman henkil\u00f6itymisen riski\u00e4, joka johtaisi edell\u00e4 kuvattuihin toimiin ty\u00f6paikoilla. Mets\u00e4ammattilaisten verkosto ei edusta mets\u00e4alan organisaatioita, vaan ainoastaan mets\u00e4ammattilaisia. <\/p>\n\n\n\n<h2 class=\"wp-block-heading\">Faktat syyniin<\/h2>\n\n\n\n<p>Verkosto tekee my\u00f6s mets\u00e4uutisoinnin faktantarkastusta ja on yhteydess\u00e4 toimittajiin ja p\u00e4\u00e4toimittajiin virheellisten faktojen korjaamiseksi uutisissa ja artikkeleissa. Tarvittaessa se on valmistautunut my\u00f6s tekem\u00e4\u00e4n kanteluita <a href=\"https:\/\/jsn.fi\/\">Julkisen sanan neuvostolle (JSN)<\/a>, mik\u00e4li se katsotaan tarpeelliseksi.<\/p>\n\n\n\n<p>Erilaisia v\u00e4itteit\u00e4 tuodaan esille my\u00f6s n\u00e4ill\u00e4 sivustoilla ja taustoitetaan aiheita mets\u00e4ammattilaisten n\u00e4k\u00f6kulmasta katsottuna. Juttuja voidaan luokitella niiden sis\u00e4lt\u00f6jen perusteella ja laadukasta uutisointia tekeville toimittajille voidaan my\u00f6nt\u00e4\u00e4 palkintoja. <\/p>\n","protected":false},"excerpt":{"rendered":"<p>Suomeen on perustettu mets\u00e4organisaatioista riippumaton mets\u00e4ammattilaisten verkosto parantamaan mets\u00e4uutisoinnin laatua. T\u00e4ysin itsen\u00e4isesti toimiva verkosto ottaa kantaa mets\u00e4asioihin ja tarjoaa helpon [&hellip;]<\/p>\n","protected":false},"author":2,"featured_media":165,"comment_status":"open","ping_status":"open","sticky":false,"template":"","format":"standard","meta":{"_bbp_topic_count":0,"_bbp_reply_count":0,"_bbp_total_topic_count":0,"_bbp_total_reply_count":0,"_bbp_voice_count":0,"_bbp_anonymous_reply_count":0,"_bbp_topic_count_hidden":0,"_bbp_reply_count_hidden":0,"_bbp_forum_subforum_count":0,"site-sidebar-layout":"default","site-content-layout":"","ast-site-content-layout":"default","site-content-style":"default","site-sidebar-style":"default","ast-global-header-display":"","ast-banner-title-visibility":"","ast-main-header-display":"","ast-hfb-above-header-display":"","ast-hfb-below-header-display":"","ast-hfb-mobile-header-display":"","site-post-title":"","ast-breadcrumbs-content":"","ast-featured-img":"","footer-sml-layout":"","ast-disable-related-posts":"","theme-transparent-header-meta":"","adv-header-id-meta":"","stick-header-meta":"","header-above-stick-meta":"","header-main-stick-meta":"","header-below-stick-meta":"","astra-migrate-meta-layouts":"default","ast-page-background-enabled":"default","ast-page-background-meta":{"desktop":{"background-color":"var(--ast-global-color-5)","background-image":"","background-repeat":"repeat","background-position":"center center","background-size":"auto","background-attachment":"scroll","background-type":"","background-media":"","overlay-type":"","overlay-color":"","overlay-opacity":"","overlay-gradient":""},"tablet":{"background-color":"","background-image":"","background-repeat":"repeat","background-position":"center center","background-size":"auto","background-attachment":"scroll","background-type":"","background-media":"","overlay-type":"","overlay-color":"","overlay-opacity":"","overlay-gradient":""},"mobile":{"background-color":"","background-image":"","background-repeat":"repeat","background-position":"center center","background-size":"auto","background-attachment":"scroll","background-type":"","background-media":"","overlay-type":"","overlay-color":"","overlay-opacity":"","overlay-gradient":""}},"ast-content-background-meta":{"desktop":{"background-color":"var(--ast-global-color-4)","background-image":"","background-repeat":"repeat","background-position":"center center","background-size":"auto","background-attachment":"scroll","background-type":"","background-media":"","overlay-type":"","overlay-color":"","overlay-opacity":"","overlay-gradient":""},"tablet":{"background-color":"var(--ast-global-color-4)","background-image":"","background-repeat":"repeat","background-position":"center center","background-size":"auto","background-attachment":"scroll","background-type":"","background-media":"","overlay-type":"","overlay-color":"","overlay-opacity":"","overlay-gradient":""},"mobile":{"background-color":"var(--ast-global-color-4)","background-image":"","background-repeat":"repeat","background-position":"center center","background-size":"auto","background-attachment":"scroll","background-type":"","background-media":"","overlay-type":"","overlay-color":"","overlay-opacity":"","overlay-gradient":""}},"footnotes":""},"categories":[11,7,8],"tags":[16,15,12,13,14,17],"class_list":["post-164","post","type-post","status-publish","format-standard","has-post-thumbnail","hentry","category-metsa","category-ihmsiet","category-toiminta","tag-journalismi","tag-media","tag-metsa","tag-metsaammattilaiset","tag-metsaasiantuntijat","tag-verkosto"],"_links":{"self":[{"href":"https:\/\/metsaammattilaiset.fi\/index.php\/wp-json\/wp\/v2\/posts\/164","targetHints":{"allow":["GET"]}}],"collection":[{"href":"https:\/\/metsaammattilaiset.fi\/index.php\/wp-json\/wp\/v2\/posts"}],"about":[{"href":"https:\/\/metsaammattilaiset.fi\/index.php\/wp-json\/wp\/v2\/types\/post"}],"author":[{"embeddable":true,"href":"https:\/\/metsaammattilaiset.fi\/index.php\/wp-json\/wp\/v2\/users\/2"}],"replies":[{"embeddable":true,"href":"https:\/\/metsaammattilaiset.fi\/index.php\/wp-json\/wp\/v2\/comments?post=164"}],"version-history":[{"count":4,"href":"https:\/\/metsaammattilaiset.fi\/index.php\/wp-json\/wp\/v2\/posts\/164\/revisions"}],"predecessor-version":[{"id":179,"href":"https:\/\/metsaammattilaiset.fi\/index.php\/wp-json\/wp\/v2\/posts\/164\/revisions\/179"}],"wp:featuredmedia":[{"embeddable":true,"href":"https:\/\/metsaammattilaiset.fi\/index.php\/wp-json\/wp\/v2\/media\/165"}],"wp:attachment":[{"href":"https:\/\/metsaammattilaiset.fi\/index.php\/wp-json\/wp\/v2\/media?parent=164"}],"wp:term":[{"taxonomy":"category","embeddable":true,"href":"https:\/\/metsaammattilaiset.fi\/index.php\/wp-json\/wp\/v2\/categories?post=164"},{"taxonomy":"post_tag","embeddable":true,"href":"https:\/\/metsaammattilaiset.fi\/index.php\/wp-json\/wp\/v2\/tags?post=164"}],"curies":[{"name":"wp","href":"https:\/\/api.w.org\/{rel}","templated":true}]}}